{"id":1824,"date":"2018-03-31T13:23:17","date_gmt":"2018-03-31T13:23:17","guid":{"rendered":"http:\/\/arabpress24.com\/?p=1824"},"modified":"2018-03-31T13:23:17","modified_gmt":"2018-03-31T13:23:17","slug":"%d8%ad%d9%81%d9%84-%d8%a7%d9%81%d8%aa%d8%aa%d8%a7%d8%ad-%d9%85%d9%84%d8%aa%d9%82%d9%89-18-%d9%85%d9%82%d8%a7%d9%88%d9%84%d8%a7%d8%aa-%d8%a8%d9%85%d8%b9%d9%87%d8%af-%d8%ad%d8%b3%d9%86-%d8%a7%d9%84","status":"publish","type":"post","link":"https:\/\/www.apapresstv.com\/ar\/2018\/03\/31\/%d8%ad%d9%81%d9%84-%d8%a7%d9%81%d8%aa%d8%aa%d8%a7%d8%ad-%d9%85%d9%84%d8%aa%d9%82%d9%89-18-%d9%85%d9%82%d8%a7%d9%88%d9%84%d8%a7%d8%aa-%d8%a8%d9%85%d8%b9%d9%87%d8%af-%d8%ad%d8%b3%d9%86-%d8%a7%d9%84\/","title":{"rendered":"\u062d\u0641\u0644 \u0627\u0641\u062a\u062a\u0627\u062d \u0645\u0644\u062a\u0642\u0649 18 \u0645\u0642\u0627\u0648\u0644\u0627\u062a \u0628\u0645\u0639\u0647\u062f \u062d\u0633\u0646 \u0627\u0644\u062a\u0627\u0646\u064a \u0644\u0644\u0632\u0631\u0627\u0639\u0629 \u0648\u0627\u0644\u0628\u064a\u0637\u0631\u0629 \u0627\u0644\u0631\u0628\u0627\u0637 \u0627\u0644\u064a\u0648\u0645 31 \u0645\u0627\u0631\u0633 2018"},"content":{"rendered":"<p>18\u00e8me Edition du Forum GR-Entreprises<br \/>\nLe samedi 31 Mars 2018 s&#8217;est tenu la 18\u00e8me \u00e9dition du Forum GR-Entreprises au sein de l&#8217;IAV Hassan II, campus de Rabat, Al Irfane. Cette \u00e9dition<br \/>\ns&#8217;est articul\u00e9 sur une th\u00e9matique d&#8217;actualit\u00e9 qui est &#8220;le recours aux eaux non conventionnelles pour assurer la s\u00e9curit\u00e9 hydrique et s&#8217;adapter au changements globaux&#8221;. Ledit Forum est organis\u00e9 annuellement par l&#8217;Association Marocaine des \u00c9l\u00e8ves Ing\u00e9nieurs en G\u00e9nie Rural de l\u2019Institut Agronomique et V\u00e9t\u00e9rinaire Hassan II et constitue une occasion annuelle pour la promotion de la fili\u00e8re du G\u00e9nie Rural, ce Forum jouit aussi d&#8217;un ensemble de conf\u00e9rences pr\u00e9sent\u00e9es par des conf\u00e9renciers de renomm\u00e9e ainsi que d&#8217;une rencontre entre les \u00e9l\u00e8ves ing\u00e9nieurs du G\u00e9nie Rural et les laur\u00e9ats de la fili\u00e8re dans l&#8217;objectif d&#8217;un partage d&#8217;exp\u00e9riences et de comp\u00e9tences<br \/>\n<iframe title=\"\u062d\u0641\u0644 \u0627\u0641\u062a\u062a\u0627\u062d \u0645\u0644\u062a\u0642\u0649 18 \u0645\u0642\u0627\u0648\u0644\u0627\u062a \u0628\u0645\u0639\u0647\u062f \u062d\u0633\u0646 \u0627\u0644\u062a\u0627\u0646\u064a \u0644\u0644\u0632\u0631\u0627\u0639\u0629 \u0648\u0627\u0644\u0628\u064a\u0637\u0631\u0629 \u0627\u0644\u0631\u0628\u0627\u0637 \u0627\u0644\u064a\u0648\u0645 31 \u0645\u0627\u0631\u0633 2018\" width=\"640\" height=\"360\" src=\"https:\/\/www.youtube.com\/embed\/4gXH-WjwNII?feature=oembed\" frameborder=\"0\" allow=\"accelerometer; autoplay; clipboard-write; encrypted-media; gyroscope; picture-in-picture; web-share\" referrerpolicy=\"strict-origin-when-cross-origin\" allowfullscreen><\/iframe><\/p>\n","protected":false},"excerpt":{"rendered":"<p>18\u00e8me Edition du Forum GR-Entreprises Le samedi 31 Mars 2018 s&#8217;est tenu la 18\u00e8me \u00e9dition du Forum GR-Entreprises au sein de l&#8217;IAV Hassan II, campus de Rabat, Al Irfane. Cette \u00e9dition s&#8217;est articul\u00e9 sur une th\u00e9matique d&#8217;actualit\u00e9 qui est &#8220;le recours aux eaux non conventionnelles pour assurer la s\u00e9curit\u00e9 hydrique et s&#8217;adapter au changements globaux&#8221;. [&hellip;]<\/p>\n","protected":false},"author":1,"featured_media":1829,"comment_status":"open","ping_status":"open","sticky":false,"template":"","format":"standard","meta":{"rs_blank_template":"","rs_page_bg_color":"","slide_template_v7":"","_monsterinsights_skip_tracking":false,"_monsterinsights_sitenote_active":false,"_monsterinsights_sitenote_note":"","_monsterinsights_sitenote_category":0,"footnotes":""},"categories":[17],"tags":[],"class_list":["post-1824","post","type-post","status-publish","format-standard","has-post-thumbnail","hentry","category-17"],"aioseo_notices":[],"_links":{"self":[{"href":"https:\/\/www.apapresstv.com\/ar\/wp-json\/wp\/v2\/posts\/1824","targetHints":{"allow":["GET"]}}],"collection":[{"href":"https:\/\/www.apapresstv.com\/ar\/wp-json\/wp\/v2\/posts"}],"about":[{"href":"https:\/\/www.apapresstv.com\/ar\/wp-json\/wp\/v2\/types\/post"}],"author":[{"embeddable":true,"href":"https:\/\/www.apapresstv.com\/ar\/wp-json\/wp\/v2\/users\/1"}],"replies":[{"embeddable":true,"href":"https:\/\/www.apapresstv.com\/ar\/wp-json\/wp\/v2\/comments?post=1824"}],"version-history":[{"count":0,"href":"https:\/\/www.apapresstv.com\/ar\/wp-json\/wp\/v2\/posts\/1824\/revisions"}],"wp:featuredmedia":[{"embeddable":true,"href":"https:\/\/www.apapresstv.com\/ar\/wp-json\/"}],"wp:attachment":[{"href":"https:\/\/www.apapresstv.com\/ar\/wp-json\/wp\/v2\/media?parent=1824"}],"wp:term":[{"taxonomy":"category","embeddable":true,"href":"https:\/\/www.apapresstv.com\/ar\/wp-json\/wp\/v2\/categories?post=1824"},{"taxonomy":"post_tag","embeddable":true,"href":"https:\/\/www.apapresstv.com\/ar\/wp-json\/wp\/v2\/tags?post=1824"}],"curies":[{"name":"wp","href":"https:\/\/api.w.org\/{rel}","templated":true}]}}