{"id":2237,"date":"2018-05-06T13:32:46","date_gmt":"2018-05-06T13:32:46","guid":{"rendered":"http:\/\/arabpress24.com\/?p=2237"},"modified":"2018-05-06T13:32:46","modified_gmt":"2018-05-06T13:32:46","slug":"lisga-organise-la-6eme-edition-de-la-semaine-culturelle-africaine-dans-ses-differents-campus-a-rabat-casablanca-marrakech-fes-et-el-jadida-du-05-au-11-mai-2018","status":"publish","type":"post","link":"https:\/\/www.apapresstv.com\/ar\/2018\/05\/06\/lisga-organise-la-6eme-edition-de-la-semaine-culturelle-africaine-dans-ses-differents-campus-a-rabat-casablanca-marrakech-fes-et-el-jadida-du-05-au-11-mai-2018\/","title":{"rendered":"l&#039;ISGA organise la 6\u00e8me \u00e9dition de la Semaine Culturelle Africaine, dans ses diff\u00e9rents campus \u00e0 Rabat, Casablanca, Marrakech, F\u00e8s et El Jadida, du 05 au 11 mai 2018."},"content":{"rendered":"<p>Dans le cadre de son cycle d&#8217;activit\u00e9s para-universitaires, l&#8217;ISGA organise la 6\u00e8me \u00e9dition de la Semaine Culturelle Africaine, dans ses diff\u00e9rents campus \u00e0 Rabat, Casablanca, Marrakech, F\u00e8s et El Jadida, du 05 au 11 mai 2018.<br \/>\nLa semaine culturelle africaine est un \u00e9v\u00e8nement culturel et artistique o\u00f9 les \u00e9tudiants de l&#8217;ISGA s&#8217;int\u00e9ressent aux belles couleurs de notre m\u00e8re Afrique. Cette semaine culturelle a comme objectifs de mettre en valeur les richesses de notre patrimoine culturel africain et de renforcer les liens entre les diff\u00e9rentes communaut\u00e9s d&#8217;\u00e9tudiants pr\u00e9sentes au sein de notre institut.<br \/>\nAu cours de cette semaine, des stands d&#8217;exposition seront am\u00e9nag\u00e9s au sein de l&#8217;Ecole afin de pr\u00e9senter les costumes traditionnels, les \u0153uvres d&#8217;art, les produits d&#8217;artisanat, les produits cosm\u00e9tiques, les produits culinaires\u2026 des diff\u00e9rents pays participants.<br \/>\n Programme :<br \/>\nSamedi 05\/05\/2018 au campus Rabat : Match d&#8217;exhibition de foot entre une \u00e9quipe d&#8217;\u00e9tudiants marocains et une \u00e9quipe d&#8217;\u00e9tudiants subsahariens au campus Rabat<br \/>\nLundi 07\/05\/ 2018 au campus F\u00e8s : Pr\u00e9sentation et am\u00e9nagement des stands d&#8217;exposition<br \/>\nMardi 08\/05\/2018 au campus Marrakech : Pr\u00e9sentation et am\u00e9nagement des stands d&#8217;exposition<br \/>\nMercredi 09\/05\/2018 au campus Casablanca : Pr\u00e9sentation, am\u00e9nagement des stands d&#8217;exposition et soir\u00e9e dansante<br \/>\nJeudi et vendredi 10-11\/05\/2018 au campus Rabat : Pr\u00e9sentation et am\u00e9nagement des stands d&#8217;exposition<br \/>\nVendredi 11\/05\/2018 \u00e0 Rabat : Soir\u00e9e de cl\u00f4ture \u00e0 la salle ALLAL EL FASSI, au programme :<br \/>\nRemise des prix aux gagnants du match de football<br \/>\nPause artistique<br \/>\nChor\u00e9graphies avec d\u00e9fil\u00e9s des tenues traditionnels des pays participants<\/p>\n","protected":false},"excerpt":{"rendered":"<p>Dans le cadre de son cycle d&#8217;activit\u00e9s para-universitaires, l&#8217;ISGA organise la 6\u00e8me \u00e9dition de la Semaine Culturelle Africaine, dans ses diff\u00e9rents campus \u00e0 Rabat, Casablanca, Marrakech, F\u00e8s et El Jadida, du 05 au 11 mai 2018. La semaine culturelle africaine est un \u00e9v\u00e8nement culturel et artistique o\u00f9 les \u00e9tudiants de l&#8217;ISGA s&#8217;int\u00e9ressent aux belles couleurs &hellip;<\/p>\n","protected":false},"author":1,"featured_media":2238,"comment_status":"open","ping_status":"open","sticky":false,"template":"","format":"standard","meta":{"_monsterinsights_skip_tracking":false,"_monsterinsights_sitenote_active":false,"_monsterinsights_sitenote_note":"","_monsterinsights_sitenote_category":0,"footnotes":""},"categories":[11],"tags":[],"class_list":["post-2237","post","type-post","status-publish","format-standard","has-post-thumbnail","","category-11"],"_links":{"self":[{"href":"https:\/\/www.apapresstv.com\/ar\/wp-json\/wp\/v2\/posts\/2237","targetHints":{"allow":["GET"]}}],"collection":[{"href":"https:\/\/www.apapresstv.com\/ar\/wp-json\/wp\/v2\/posts"}],"about":[{"href":"https:\/\/www.apapresstv.com\/ar\/wp-json\/wp\/v2\/types\/post"}],"author":[{"embeddable":true,"href":"https:\/\/www.apapresstv.com\/ar\/wp-json\/wp\/v2\/users\/1"}],"replies":[{"embeddable":true,"href":"https:\/\/www.apapresstv.com\/ar\/wp-json\/wp\/v2\/comments?post=2237"}],"version-history":[{"count":0,"href":"https:\/\/www.apapresstv.com\/ar\/wp-json\/wp\/v2\/posts\/2237\/revisions"}],"wp:featuredmedia":[{"embeddable":true,"href":"https:\/\/www.apapresstv.com\/ar\/wp-json\/"}],"wp:attachment":[{"href":"https:\/\/www.apapresstv.com\/ar\/wp-json\/wp\/v2\/media?parent=2237"}],"wp:term":[{"taxonomy":"category","embeddable":true,"href":"https:\/\/www.apapresstv.com\/ar\/wp-json\/wp\/v2\/categories?post=2237"},{"taxonomy":"post_tag","embeddable":true,"href":"https:\/\/www.apapresstv.com\/ar\/wp-json\/wp\/v2\/tags?post=2237"}],"curies":[{"name":"wp","href":"https:\/\/api.w.org\/{rel}","templated":true}]}}