{"id":2917,"date":"2018-06-26T00:21:27","date_gmt":"2018-06-26T00:21:27","guid":{"rendered":"http:\/\/arabpress24.com\/?p=2917"},"modified":"2018-06-26T00:21:27","modified_gmt":"2018-06-26T00:21:27","slug":"amnesty-international-algerie-les-poursuites-visant-six-militants-doivent-etre-abandonnees","status":"publish","type":"post","link":"https:\/\/www.apapresstv.com\/ar\/2018\/06\/26\/amnesty-international-algerie-les-poursuites-visant-six-militants-doivent-etre-abandonnees\/","title":{"rendered":"Amnesty International : Alg\u00e9rie. Les poursuites visant six militants doivent \u00eatre abandonn\u00e9es"},"content":{"rendered":"<p>\t\t\t\t\t\t\t\t\t\tLe 25 juin 2018<br \/>\nD\u00c9CLARATION PUBLIQUE<br \/>\nAlg\u00e9rie. Les poursuites visant six militants doivent \u00eatre abandonn\u00e9es<br \/>\nLa justice alg\u00e9rienne doit abandonner toutes les poursuites visant six militants qui encourent des peines d\u2019emprisonnement pour des chefs d\u2019inculpation d\u00e9coulant de leur soutien \u00e0 un avocat sp\u00e9cialiste des droits humains attaqu\u00e9 de toutes parts, a d\u00e9clar\u00e9 Amnesty International lundi 25 juin. Le Tribunal de premi\u00e8re instance de Gharda\u00efa, une ville du centre de l\u2019Alg\u00e9rie, doit rendre son verdict dans leur proc\u00e8s mardi 26 juin.<br \/>\nFethi Ghares, candidat \u00e0 l\u2019\u00e9lection pr\u00e9sidentielle de 2019 pour le Mouvement d\u00e9mocratique et social (MDS), Hamid Ferhi, membre de ce parti, Abdelkader Kherba, Kaddour Chouicha et Ahmed Nanseri, membres de la Ligue alg\u00e9rienne de d\u00e9fense des droits de l\u2019homme (LADDH), et Nadir Dabouz, neveu de l\u2019avocat et d\u00e9fenseur des droits humains Salah Dabouz, sont jug\u00e9s pour incitation \u00e0 un rassemblement non arm\u00e9, outrage \u00e0 un repr\u00e9sentant de l\u2019\u00c9tat et refus d\u2019ob\u00e9ir \u00e0 une loi. Le parquet a requis une peine d\u2019un an de prison et une amende de 100 000 dinars alg\u00e9riens (environ 730 euros) contre les six pr\u00e9venus.<br \/>\nCes accusations d\u00e9coulent soi-disant de leur tentative de d\u00e9monstration de soutien \u00e0 Salah Dabouz lors d\u2019une audience de son proc\u00e8s qui s\u2019est d\u00e9roul\u00e9e le 13 juillet 2016 \u00e0 Gharda\u00efa. La police a arr\u00eat\u00e9 ces six hommes vers 9 heures du matin alors qu\u2019ils attendaient le d\u00e9but de l\u2019audience dans un caf\u00e9 voisin.<br \/>\nElle les a rel\u00e2ch\u00e9s le jour m\u00eame en fin d\u2019apr\u00e8s-midi, et le parquet n\u2019a engag\u00e9 les poursuites \u00e0 leur encontre qu\u2019en f\u00e9vrier 2017.<br \/>\n\u00ab La nature fallacieuse de ces accusations est soulign\u00e9e par le retard extraordinaire de la d\u00e9cision prise par le procureur de les poursuivre, a d\u00e9clar\u00e9 Heba Morayef, directrice du programme r\u00e9gional Moyen-Orient et Afrique du Nord d\u2019Amnesty International. Personne ne devrait risquer l\u2019emprisonnement pour avoir simplement pr\u00e9vu d\u2019assister \u00e0 l\u2019audience du proc\u00e8s d\u2019un coll\u00e8gue. Ces poursuites doivent \u00eatre abandonn\u00e9es imm\u00e9diatement. \u00bb<br \/>\nLe Comit\u00e9 des droits de l\u2019homme des Nations unies doit examiner le respect par l\u2019Alg\u00e9rie du Pacte international relatif aux droits civils et politiques (PIDCP) les 4 et 5 juillet. Dans sa communication au Comit\u00e9 concernant l\u2019Alg\u00e9rie, Amnesty International a appel\u00e9 les autorit\u00e9s alg\u00e9riennes \u00e0 respecter leurs obligations aux termes des articles 19 et 21 du PIDCP, qui garantissent les droits \u00e0 la libert\u00e9 d\u2019expression et \u00e0 la libert\u00e9 de r\u00e9union pacifique.<\/p>\n","protected":false},"excerpt":{"rendered":"<p>Le 25 juin 2018 D\u00c9CLARATION PUBLIQUE Alg\u00e9rie. Les poursuites visant six militants doivent \u00eatre abandonn\u00e9es La justice alg\u00e9rienne doit abandonner toutes les poursuites visant six militants qui encourent des peines d\u2019emprisonnement pour des chefs d\u2019inculpation d\u00e9coulant de leur soutien \u00e0 un avocat sp\u00e9cialiste des droits humains attaqu\u00e9 de toutes parts, a d\u00e9clar\u00e9 Amnesty International lundi &hellip;<\/p>\n","protected":false},"author":1,"featured_media":1738,"comment_status":"open","ping_status":"open","sticky":false,"template":"","format":"standard","meta":{"_monsterinsights_skip_tracking":false,"_monsterinsights_sitenote_active":false,"_monsterinsights_sitenote_note":"","_monsterinsights_sitenote_category":0,"footnotes":""},"categories":[17],"tags":[],"class_list":["post-2917","post","type-post","status-publish","format-standard","has-post-thumbnail","","category-17"],"_links":{"self":[{"href":"https:\/\/www.apapresstv.com\/ar\/wp-json\/wp\/v2\/posts\/2917","targetHints":{"allow":["GET"]}}],"collection":[{"href":"https:\/\/www.apapresstv.com\/ar\/wp-json\/wp\/v2\/posts"}],"about":[{"href":"https:\/\/www.apapresstv.com\/ar\/wp-json\/wp\/v2\/types\/post"}],"author":[{"embeddable":true,"href":"https:\/\/www.apapresstv.com\/ar\/wp-json\/wp\/v2\/users\/1"}],"replies":[{"embeddable":true,"href":"https:\/\/www.apapresstv.com\/ar\/wp-json\/wp\/v2\/comments?post=2917"}],"version-history":[{"count":0,"href":"https:\/\/www.apapresstv.com\/ar\/wp-json\/wp\/v2\/posts\/2917\/revisions"}],"wp:featuredmedia":[{"embeddable":true,"href":"https:\/\/www.apapresstv.com\/ar\/wp-json\/"}],"wp:attachment":[{"href":"https:\/\/www.apapresstv.com\/ar\/wp-json\/wp\/v2\/media?parent=2917"}],"wp:term":[{"taxonomy":"category","embeddable":true,"href":"https:\/\/www.apapresstv.com\/ar\/wp-json\/wp\/v2\/categories?post=2917"},{"taxonomy":"post_tag","embeddable":true,"href":"https:\/\/www.apapresstv.com\/ar\/wp-json\/wp\/v2\/tags?post=2917"}],"curies":[{"name":"wp","href":"https:\/\/api.w.org\/{rel}","templated":true}]}}